{"id":46120,"date":"2026-09-06T16:56:16","date_gmt":"2026-09-06T19:56:16","guid":{"rendered":"https:\/\/www.fasj.org.ar\/wp\/?p=46120"},"modified":"2026-09-06T16:56:21","modified_gmt":"2026-09-06T19:56:21","slug":"rigi-y-regimen-tributario-para-grandes-inversiones-una-jornada-de-actualizacion-para-la-abogacia","status":"publish","type":"post","link":"https:\/\/www.fasj.org.ar\/wp\/2026\/09\/06\/rigi-y-regimen-tributario-para-grandes-inversiones-una-jornada-de-actualizacion-para-la-abogacia\/","title":{"rendered":"RIGI y r\u00e9gimen tributario para grandes inversiones: una jornada de actualizaci\u00f3n para la abogac\u00eda"},"content":{"rendered":"<p>El Foro de Abogados de San Juan llev\u00f3 adelante la jornada de actualizaci\u00f3n \u201cRIGI y R\u00e9gimen Tributario para Grandes Inversiones\u201d, una propuesta destinada a profundizar en los aspectos tributarios, jur\u00eddicos y econ\u00f3micos vinculados al R\u00e9gimen de Incentivo para Grandes Inversiones y a su incidencia en el actual escenario productivo.<\/p>\n<p>La actividad fue organizada por el Instituto Interdisciplinario de Derecho Ambiental y Minero y cont\u00f3 con las exposiciones del Contador P\u00fablico Facundo Cereceda y de las Dras. Carolina C\u00edrica y Andrea Da Rold, codirectoras del Instituto.<\/p>\n<p>Durante el encuentro se abordaron distintos aspectos relacionados con el RIGI y con el r\u00e9gimen tributario aplicable a las grandes inversiones, brindando herramientas para comprender sus principales caracter\u00edsticas y las implicancias que este marco plantea para profesionales vinculados al \u00e1mbito jur\u00eddico, contable, empresarial y productivo.<\/p>\n<p>El Contador P\u00fablico Facundo Cereceda desarroll\u00f3 especialmente los aspectos tributarios y administrativos de la tem\u00e1tica, mientras que las Dras. Carolina C\u00edrica y Andrea Da Rold complementaron el an\u00e1lisis desde la perspectiva jur\u00eddica y desde el abordaje interdisciplinario que caracteriza al Instituto.<\/p>\n<p>La jornada permiti\u00f3 generar un espacio de actualizaci\u00f3n e intercambio en torno a una tem\u00e1tica de especial relevancia para San Juan, particularmente frente al desarrollo de grandes proyectos de inversi\u00f3n y a los nuevos desaf\u00edos profesionales que este escenario presenta.<\/p>\n<p>Con este tipo de propuestas, la Casa de la Abogac\u00eda contin\u00faa impulsando instancias de capacitaci\u00f3n vinculadas con temas de actualidad, promoviendo una formaci\u00f3n interdisciplinaria que permita a los profesionales contar con mayores herramientas para desenvolverse ante las transformaciones econ\u00f3micas, productivas y normativas de la provincia.<\/p>\n<div id='gallery-1' class='gallery galleryid-46120 gallery-columns-1 gallery-size-large'><figure class='gallery-item'>\n\t\t\t<div class='gallery-icon landscape'>\n\t\t\t\t<a href='https:\/\/www.fasj.org.ar\/wp\/2026\/09\/06\/rigi-y-regimen-tributario-para-grandes-inversiones-una-jornada-de-actualizacion-para-la-abogacia\/4f038be4-285b-4a4d-bcff-67d0b3567acc\/'><img loading=\"lazy\" decoding=\"async\" width=\"696\" height=\"696\" src=\"https:\/\/www.fasj.org.ar\/wp\/wp-content\/uploads\/2026\/09\/4f038be4-285b-4a4d-bcff-67d0b3567acc-1024x1024.jpg\" class=\"attachment-large size-large\" alt=\"\" srcset=\"https:\/\/www.fasj.org.ar\/wp\/wp-content\/uploads\/2026\/09\/4f038be4-285b-4a4d-bcff-67d0b3567acc-1024x1024.jpg 1024w, https:\/\/www.fasj.org.ar\/wp\/wp-content\/uploads\/2026\/09\/4f038be4-285b-4a4d-bcff-67d0b3567acc-300x300.jpg 300w, https:\/\/www.fasj.org.ar\/wp\/wp-content\/uploads\/2026\/09\/4f038be4-285b-4a4d-bcff-67d0b3567acc-150x150.jpg 150w, https:\/\/www.fasj.org.ar\/wp\/wp-content\/uploads\/2026\/09\/4f038be4-285b-4a4d-bcff-67d0b3567acc-768x768.jpg 768w, https:\/\/www.fasj.org.ar\/wp\/wp-content\/uploads\/2026\/09\/4f038be4-285b-4a4d-bcff-67d0b3567acc-696x696.jpg 696w, https:\/\/www.fasj.org.ar\/wp\/wp-content\/uploads\/2026\/09\/4f038be4-285b-4a4d-bcff-67d0b3567acc-1068x1068.jpg 1068w, https:\/\/www.fasj.org.ar\/wp\/wp-content\/uploads\/2026\/09\/4f038be4-285b-4a4d-bcff-67d0b3567acc.jpg 1187w\" sizes=\"auto, (max-width: 696px) 100vw, 696px\" \/><\/a>\n\t\t\t<\/div><\/figure><figure class='gallery-item'>\n\t\t\t<div class='gallery-icon landscape'>\n\t\t\t\t<a href='https:\/\/www.fasj.org.ar\/wp\/2026\/09\/06\/rigi-y-regimen-tributario-para-grandes-inversiones-una-jornada-de-actualizacion-para-la-abogacia\/dsc_1285\/'><img loading=\"lazy\" decoding=\"async\" width=\"696\" height=\"696\" src=\"https:\/\/www.fasj.org.ar\/wp\/wp-content\/uploads\/2026\/09\/DSC_1285-1024x1024.jpg\" class=\"attachment-large size-large\" alt=\"\" srcset=\"https:\/\/www.fasj.org.ar\/wp\/wp-content\/uploads\/2026\/09\/DSC_1285-1024x1024.jpg 1024w, https:\/\/www.fasj.org.ar\/wp\/wp-content\/uploads\/2026\/09\/DSC_1285-300x300.jpg 300w, https:\/\/www.fasj.org.ar\/wp\/wp-content\/uploads\/2026\/09\/DSC_1285-150x150.jpg 150w, https:\/\/www.fasj.org.ar\/wp\/wp-content\/uploads\/2026\/09\/DSC_1285-768x768.jpg 768w, https:\/\/www.fasj.org.ar\/wp\/wp-content\/uploads\/2026\/09\/DSC_1285-1536x1536.jpg 1536w, https:\/\/www.fasj.org.ar\/wp\/wp-content\/uploads\/2026\/09\/DSC_1285-2048x2048.jpg 2048w, https:\/\/www.fasj.org.ar\/wp\/wp-content\/uploads\/2026\/09\/DSC_1285-696x696.jpg 696w, https:\/\/www.fasj.org.ar\/wp\/wp-content\/uploads\/2026\/09\/DSC_1285-1068x1068.jpg 1068w, https:\/\/www.fasj.org.ar\/wp\/wp-content\/uploads\/2026\/09\/DSC_1285-1920x1920.jpg 1920w\" sizes=\"auto, (max-width: 696px) 100vw, 696px\" \/><\/a>\n\t\t\t<\/div><\/figure><figure class='gallery-item'>\n\t\t\t<div class='gallery-icon landscape'>\n\t\t\t\t<a href='https:\/\/www.fasj.org.ar\/wp\/2026\/09\/06\/rigi-y-regimen-tributario-para-grandes-inversiones-una-jornada-de-actualizacion-para-la-abogacia\/4fc65eed-5d85-42d1-9e4c-150969951b89\/'><img loading=\"lazy\" decoding=\"async\" width=\"696\" height=\"696\" src=\"https:\/\/www.fasj.org.ar\/wp\/wp-content\/uploads\/2026\/09\/4fc65eed-5d85-42d1-9e4c-150969951b89-1024x1024.jpg\" class=\"attachment-large size-large\" alt=\"\" srcset=\"https:\/\/www.fasj.org.ar\/wp\/wp-content\/uploads\/2026\/09\/4fc65eed-5d85-42d1-9e4c-150969951b89-1024x1024.jpg 1024w, https:\/\/www.fasj.org.ar\/wp\/wp-content\/uploads\/2026\/09\/4fc65eed-5d85-42d1-9e4c-150969951b89-300x300.jpg 300w, https:\/\/www.fasj.org.ar\/wp\/wp-content\/uploads\/2026\/09\/4fc65eed-5d85-42d1-9e4c-150969951b89-150x150.jpg 150w, https:\/\/www.fasj.org.ar\/wp\/wp-content\/uploads\/2026\/09\/4fc65eed-5d85-42d1-9e4c-150969951b89-768x768.jpg 768w, https:\/\/www.fasj.org.ar\/wp\/wp-content\/uploads\/2026\/09\/4fc65eed-5d85-42d1-9e4c-150969951b89-696x696.jpg 696w, https:\/\/www.fasj.org.ar\/wp\/wp-content\/uploads\/2026\/09\/4fc65eed-5d85-42d1-9e4c-150969951b89-1068x1068.jpg 1068w, https:\/\/www.fasj.org.ar\/wp\/wp-content\/uploads\/2026\/09\/4fc65eed-5d85-42d1-9e4c-150969951b89.jpg 1204w\" sizes=\"auto, (max-width: 696px) 100vw, 696px\" \/><\/a>\n\t\t\t<\/div><\/figure><figure class='gallery-item'>\n\t\t\t<div class='gallery-icon landscape'>\n\t\t\t\t<a href='https:\/\/www.fasj.org.ar\/wp\/2026\/09\/06\/rigi-y-regimen-tributario-para-grandes-inversiones-una-jornada-de-actualizacion-para-la-abogacia\/58c89d27-1663-4bf3-8fed-a6d7140c1be6\/'><img loading=\"lazy\" decoding=\"async\" width=\"696\" height=\"696\" src=\"https:\/\/www.fasj.org.ar\/wp\/wp-content\/uploads\/2026\/09\/58c89d27-1663-4bf3-8fed-a6d7140c1be6-1024x1024.jpg\" class=\"attachment-large size-large\" alt=\"\" srcset=\"https:\/\/www.fasj.org.ar\/wp\/wp-content\/uploads\/2026\/09\/58c89d27-1663-4bf3-8fed-a6d7140c1be6-1024x1024.jpg 1024w, https:\/\/www.fasj.org.ar\/wp\/wp-content\/uploads\/2026\/09\/58c89d27-1663-4bf3-8fed-a6d7140c1be6-300x300.jpg 300w, https:\/\/www.fasj.org.ar\/wp\/wp-content\/uploads\/2026\/09\/58c89d27-1663-4bf3-8fed-a6d7140c1be6-150x150.jpg 150w, https:\/\/www.fasj.org.ar\/wp\/wp-content\/uploads\/2026\/09\/58c89d27-1663-4bf3-8fed-a6d7140c1be6-768x768.jpg 768w, https:\/\/www.fasj.org.ar\/wp\/wp-content\/uploads\/2026\/09\/58c89d27-1663-4bf3-8fed-a6d7140c1be6-696x696.jpg 696w, https:\/\/www.fasj.org.ar\/wp\/wp-content\/uploads\/2026\/09\/58c89d27-1663-4bf3-8fed-a6d7140c1be6-1068x1068.jpg 1068w, https:\/\/www.fasj.org.ar\/wp\/wp-content\/uploads\/2026\/09\/58c89d27-1663-4bf3-8fed-a6d7140c1be6.jpg 1204w\" sizes=\"auto, (max-width: 696px) 100vw, 696px\" \/><\/a>\n\t\t\t<\/div><\/figure><figure class='gallery-item'>\n\t\t\t<div class='gallery-icon landscape'>\n\t\t\t\t<a href='https:\/\/www.fasj.org.ar\/wp\/2026\/09\/06\/rigi-y-regimen-tributario-para-grandes-inversiones-una-jornada-de-actualizacion-para-la-abogacia\/dsc_1294\/'><img loading=\"lazy\" decoding=\"async\" width=\"696\" height=\"696\" src=\"https:\/\/www.fasj.org.ar\/wp\/wp-content\/uploads\/2026\/09\/DSC_1294-1024x1024.jpg\" class=\"attachment-large size-large\" alt=\"\" srcset=\"https:\/\/www.fasj.org.ar\/wp\/wp-content\/uploads\/2026\/09\/DSC_1294-1024x1024.jpg 1024w, https:\/\/www.fasj.org.ar\/wp\/wp-content\/uploads\/2026\/09\/DSC_1294-300x300.jpg 300w, https:\/\/www.fasj.org.ar\/wp\/wp-content\/uploads\/2026\/09\/DSC_1294-150x150.jpg 150w, https:\/\/www.fasj.org.ar\/wp\/wp-content\/uploads\/2026\/09\/DSC_1294-768x768.jpg 768w, https:\/\/www.fasj.org.ar\/wp\/wp-content\/uploads\/2026\/09\/DSC_1294-1536x1536.jpg 1536w, https:\/\/www.fasj.org.ar\/wp\/wp-content\/uploads\/2026\/09\/DSC_1294-2048x2048.jpg 2048w, https:\/\/www.fasj.org.ar\/wp\/wp-content\/uploads\/2026\/09\/DSC_1294-696x696.jpg 696w, https:\/\/www.fasj.org.ar\/wp\/wp-content\/uploads\/2026\/09\/DSC_1294-1068x1068.jpg 1068w, https:\/\/www.fasj.org.ar\/wp\/wp-content\/uploads\/2026\/09\/DSC_1294-1920x1920.jpg 1920w\" sizes=\"auto, (max-width: 696px) 100vw, 696px\" \/><\/a>\n\t\t\t<\/div><\/figure><figure class='gallery-item'>\n\t\t\t<div class='gallery-icon landscape'>\n\t\t\t\t<a href='https:\/\/www.fasj.org.ar\/wp\/2026\/09\/06\/rigi-y-regimen-tributario-para-grandes-inversiones-una-jornada-de-actualizacion-para-la-abogacia\/4ae2a536-771f-470d-98f4-8b85a66f5abc\/'><img loading=\"lazy\" decoding=\"async\" width=\"696\" height=\"696\" src=\"https:\/\/www.fasj.org.ar\/wp\/wp-content\/uploads\/2026\/09\/4ae2a536-771f-470d-98f4-8b85a66f5abc-1024x1024.jpg\" class=\"attachment-large size-large\" alt=\"\" srcset=\"https:\/\/www.fasj.org.ar\/wp\/wp-content\/uploads\/2026\/09\/4ae2a536-771f-470d-98f4-8b85a66f5abc-1024x1024.jpg 1024w, https:\/\/www.fasj.org.ar\/wp\/wp-content\/uploads\/2026\/09\/4ae2a536-771f-470d-98f4-8b85a66f5abc-300x300.jpg 300w, https:\/\/www.fasj.org.ar\/wp\/wp-content\/uploads\/2026\/09\/4ae2a536-771f-470d-98f4-8b85a66f5abc-150x150.jpg 150w, https:\/\/www.fasj.org.ar\/wp\/wp-content\/uploads\/2026\/09\/4ae2a536-771f-470d-98f4-8b85a66f5abc-768x768.jpg 768w, https:\/\/www.fasj.org.ar\/wp\/wp-content\/uploads\/2026\/09\/4ae2a536-771f-470d-98f4-8b85a66f5abc-696x696.jpg 696w, https:\/\/www.fasj.org.ar\/wp\/wp-content\/uploads\/2026\/09\/4ae2a536-771f-470d-98f4-8b85a66f5abc-1068x1068.jpg 1068w, https:\/\/www.fasj.org.ar\/wp\/wp-content\/uploads\/2026\/09\/4ae2a536-771f-470d-98f4-8b85a66f5abc.jpg 1204w\" sizes=\"auto, (max-width: 696px) 100vw, 696px\" \/><\/a>\n\t\t\t<\/div><\/figure><figure class='gallery-item'>\n\t\t\t<div class='gallery-icon landscape'>\n\t\t\t\t<a href='https:\/\/www.fasj.org.ar\/wp\/2026\/09\/06\/rigi-y-regimen-tributario-para-grandes-inversiones-una-jornada-de-actualizacion-para-la-abogacia\/bd718c30-6067-4de3-97c1-677fbd2f6c9b\/'><img loading=\"lazy\" decoding=\"async\" width=\"696\" height=\"524\" src=\"https:\/\/www.fasj.org.ar\/wp\/wp-content\/uploads\/2026\/09\/bd718c30-6067-4de3-97c1-677fbd2f6c9b-1024x771.jpg\" class=\"attachment-large size-large\" alt=\"\" srcset=\"https:\/\/www.fasj.org.ar\/wp\/wp-content\/uploads\/2026\/09\/bd718c30-6067-4de3-97c1-677fbd2f6c9b-1024x771.jpg 1024w, https:\/\/www.fasj.org.ar\/wp\/wp-content\/uploads\/2026\/09\/bd718c30-6067-4de3-97c1-677fbd2f6c9b-300x226.jpg 300w, https:\/\/www.fasj.org.ar\/wp\/wp-content\/uploads\/2026\/09\/bd718c30-6067-4de3-97c1-677fbd2f6c9b-768x578.jpg 768w, https:\/\/www.fasj.org.ar\/wp\/wp-content\/uploads\/2026\/09\/bd718c30-6067-4de3-97c1-677fbd2f6c9b-1536x1156.jpg 1536w, https:\/\/www.fasj.org.ar\/wp\/wp-content\/uploads\/2026\/09\/bd718c30-6067-4de3-97c1-677fbd2f6c9b-696x524.jpg 696w, https:\/\/www.fasj.org.ar\/wp\/wp-content\/uploads\/2026\/09\/bd718c30-6067-4de3-97c1-677fbd2f6c9b-1068x804.jpg 1068w, https:\/\/www.fasj.org.ar\/wp\/wp-content\/uploads\/2026\/09\/bd718c30-6067-4de3-97c1-677fbd2f6c9b.jpg 1600w\" sizes=\"auto, (max-width: 696px) 100vw, 696px\" \/><\/a>\n\t\t\t<\/div><\/figure><figure class='gallery-item'>\n\t\t\t<div class='gallery-icon landscape'>\n\t\t\t\t<a href='https:\/\/www.fasj.org.ar\/wp\/2026\/09\/06\/rigi-y-regimen-tributario-para-grandes-inversiones-una-jornada-de-actualizacion-para-la-abogacia\/d8c30f19-3d67-47ff-bd71-56fb52c27b6b\/'><img loading=\"lazy\" decoding=\"async\" width=\"696\" height=\"524\" src=\"https:\/\/www.fasj.org.ar\/wp\/wp-content\/uploads\/2026\/09\/d8c30f19-3d67-47ff-bd71-56fb52c27b6b-1024x771.jpg\" class=\"attachment-large size-large\" alt=\"\" srcset=\"https:\/\/www.fasj.org.ar\/wp\/wp-content\/uploads\/2026\/09\/d8c30f19-3d67-47ff-bd71-56fb52c27b6b-1024x771.jpg 1024w, https:\/\/www.fasj.org.ar\/wp\/wp-content\/uploads\/2026\/09\/d8c30f19-3d67-47ff-bd71-56fb52c27b6b-300x226.jpg 300w, https:\/\/www.fasj.org.ar\/wp\/wp-content\/uploads\/2026\/09\/d8c30f19-3d67-47ff-bd71-56fb52c27b6b-768x578.jpg 768w, https:\/\/www.fasj.org.ar\/wp\/wp-content\/uploads\/2026\/09\/d8c30f19-3d67-47ff-bd71-56fb52c27b6b-1536x1156.jpg 1536w, https:\/\/www.fasj.org.ar\/wp\/wp-content\/uploads\/2026\/09\/d8c30f19-3d67-47ff-bd71-56fb52c27b6b-696x524.jpg 696w, https:\/\/www.fasj.org.ar\/wp\/wp-content\/uploads\/2026\/09\/d8c30f19-3d67-47ff-bd71-56fb52c27b6b-1068x804.jpg 1068w, https:\/\/www.fasj.org.ar\/wp\/wp-content\/uploads\/2026\/09\/d8c30f19-3d67-47ff-bd71-56fb52c27b6b.jpg 1600w\" sizes=\"auto, (max-width: 696px) 100vw, 696px\" \/><\/a>\n\t\t\t<\/div><\/figure>\n\t\t<\/div>\n\n","protected":false},"excerpt":{"rendered":"<p>El Foro de Abogados de San Juan llev\u00f3 adelante la jornada de actualizaci\u00f3n \u201cRIGI y R\u00e9gimen Tributario para Grandes Inversiones\u201d, una propuesta destinada a profundizar en los aspectos tributarios, jur\u00eddicos y econ\u00f3micos vinculados al R\u00e9gimen de Incentivo para Grandes Inversiones y a su incidencia en el actual escenario productivo. La actividad fue organizada por el [&hellip;]<\/p>\n","protected":false},"author":18,"featured_media":46129,"comment_status":"closed","ping_status":"open","sticky":false,"template":"","format":"standard","meta":{"footnotes":""},"categories":[24,82],"tags":[],"class_list":["post-46120","post","type-post","status-publish","format-standard","has-post-thumbnail","category-instituto-de-derecho-ambiental","category-noticias-destacadas"],"_links":{"self":[{"href":"https:\/\/www.fasj.org.ar\/wp\/wp-json\/wp\/v2\/posts\/46120","targetHints":{"allow":["GET"]}}],"collection":[{"href":"https:\/\/www.fasj.org.ar\/wp\/wp-json\/wp\/v2\/posts"}],"about":[{"href":"https:\/\/www.fasj.org.ar\/wp\/wp-json\/wp\/v2\/types\/post"}],"author":[{"embeddable":true,"href":"https:\/\/www.fasj.org.ar\/wp\/wp-json\/wp\/v2\/users\/18"}],"replies":[{"embeddable":true,"href":"https:\/\/www.fasj.org.ar\/wp\/wp-json\/wp\/v2\/comments?post=46120"}],"version-history":[{"count":1,"href":"https:\/\/www.fasj.org.ar\/wp\/wp-json\/wp\/v2\/posts\/46120\/revisions"}],"predecessor-version":[{"id":46130,"href":"https:\/\/www.fasj.org.ar\/wp\/wp-json\/wp\/v2\/posts\/46120\/revisions\/46130"}],"wp:featuredmedia":[{"embeddable":true,"href":"https:\/\/www.fasj.org.ar\/wp\/wp-json\/wp\/v2\/media\/46129"}],"wp:attachment":[{"href":"https:\/\/www.fasj.org.ar\/wp\/wp-json\/wp\/v2\/media?parent=46120"}],"wp:term":[{"taxonomy":"category","embeddable":true,"href":"https:\/\/www.fasj.org.ar\/wp\/wp-json\/wp\/v2\/categories?post=46120"},{"taxonomy":"post_tag","embeddable":true,"href":"https:\/\/www.fasj.org.ar\/wp\/wp-json\/wp\/v2\/tags?post=46120"}],"curies":[{"name":"wp","href":"https:\/\/api.w.org\/{rel}","templated":true}]}}