{"id":45855,"date":"2026-08-25T11:41:14","date_gmt":"2026-08-25T14:41:14","guid":{"rendered":"https:\/\/www.fasj.org.ar\/wp\/?p=45855"},"modified":"2026-08-25T11:41:32","modified_gmt":"2026-08-25T14:41:32","slug":"una-charla-practica-para-acercar-las-primeras-herramientas-de-inteligencia-artificial-a-la-abogacia","status":"publish","type":"post","link":"https:\/\/www.fasj.org.ar\/wp\/2026\/08\/25\/una-charla-practica-para-acercar-las-primeras-herramientas-de-inteligencia-artificial-a-la-abogacia\/","title":{"rendered":"Una charla pr\u00e1ctica para acercar las primeras herramientas de Inteligencia Artificial a la abogac\u00eda"},"content":{"rendered":"<p>El lunes 24 de agosto se desarroll\u00f3 en el Foro de Abogados de San Juan la charla pr\u00e1ctica \u201cPrimeros pasos en IA\u201d, una propuesta de capacitaci\u00f3n destinada a brindar un acercamiento inicial al uso de la Inteligencia Artificial y sus posibilidades de aplicaci\u00f3n en el \u00e1mbito profesional.<\/p>\n<p>La actividad estuvo a cargo del Dr. Enrique Hidalgo, quien desarroll\u00f3 una exposici\u00f3n con un enfoque pr\u00e1ctico, orientada a introducir a los asistentes en el uso de estas nuevas herramientas y brindar conocimientos que permitan comenzar a incorporarlas en el ejercicio cotidiano de la profesi\u00f3n.<\/p>\n<p>La jornada fue organizada conjuntamente por el Instituto del Novel Abogado, codirigido por la Dra. Ana Carolina Arroyo, el Dr. Adri\u00e1n Miranda y el Dr. Mathias Saavedra; y por el Instituto de Inteligencia Artificial Aplicada al Derecho, cuyos codirectores son los Dres. Juan Sarmiento, Nicolaza Quiroga y Alberto Alcoba.<\/p>\n<p>La propuesta tambi\u00e9n fue transmitida en vivo a trav\u00e9s de YouTube, ampliando el alcance de la capacitaci\u00f3n y permitiendo que m\u00e1s colegas y profesionales interesados en la tem\u00e1tica pudieran seguir la exposici\u00f3n a distancia y acceder a los contenidos desarrollados durante la jornada.<\/p>\n<p>La capacitaci\u00f3n permiti\u00f3 abordar de manera accesible y pr\u00e1ctica una tem\u00e1tica que adquiere una presencia cada vez mayor en el \u00e1mbito jur\u00eddico, ofreciendo un primer acercamiento a las posibilidades que brinda la Inteligencia Artificial como herramienta complementaria para el trabajo de abogados y abogadas.<\/p>\n<p>A trav\u00e9s de este tipo de propuestas, la Casa de la Abogac\u00eda contin\u00faa promoviendo espacios de capacitaci\u00f3n vinculados con las nuevas tecnolog\u00edas y los desaf\u00edos que plantean para el ejercicio profesional, favoreciendo la incorporaci\u00f3n de conocimientos y herramientas acordes a las transformaciones que atraviesa actualmente el Derecho.<\/p>\n<div id='gallery-1' class='gallery galleryid-45855 gallery-columns-1 gallery-size-large'><figure class='gallery-item'>\n\t\t\t<div class='gallery-icon landscape'>\n\t\t\t\t<a href='https:\/\/www.fasj.org.ar\/wp\/2026\/08\/25\/una-charla-practica-para-acercar-las-primeras-herramientas-de-inteligencia-artificial-a-la-abogacia\/ia2-3\/'><img loading=\"lazy\" decoding=\"async\" width=\"696\" height=\"696\" src=\"https:\/\/www.fasj.org.ar\/wp\/wp-content\/uploads\/2026\/08\/ia2.png\" class=\"attachment-large size-large\" alt=\"\" srcset=\"https:\/\/www.fasj.org.ar\/wp\/wp-content\/uploads\/2026\/08\/ia2.png 1000w, https:\/\/www.fasj.org.ar\/wp\/wp-content\/uploads\/2026\/08\/ia2-300x300.png 300w, https:\/\/www.fasj.org.ar\/wp\/wp-content\/uploads\/2026\/08\/ia2-150x150.png 150w, https:\/\/www.fasj.org.ar\/wp\/wp-content\/uploads\/2026\/08\/ia2-768x768.png 768w, https:\/\/www.fasj.org.ar\/wp\/wp-content\/uploads\/2026\/08\/ia2-696x696.png 696w\" sizes=\"auto, (max-width: 696px) 100vw, 696px\" \/><\/a>\n\t\t\t<\/div><\/figure><figure class='gallery-item'>\n\t\t\t<div class='gallery-icon landscape'>\n\t\t\t\t<a href='https:\/\/www.fasj.org.ar\/wp\/2026\/08\/25\/una-charla-practica-para-acercar-las-primeras-herramientas-de-inteligencia-artificial-a-la-abogacia\/ia5-3\/'><img loading=\"lazy\" decoding=\"async\" width=\"696\" height=\"696\" src=\"https:\/\/www.fasj.org.ar\/wp\/wp-content\/uploads\/2026\/08\/ia5.png\" class=\"attachment-large size-large\" alt=\"\" srcset=\"https:\/\/www.fasj.org.ar\/wp\/wp-content\/uploads\/2026\/08\/ia5.png 1000w, https:\/\/www.fasj.org.ar\/wp\/wp-content\/uploads\/2026\/08\/ia5-300x300.png 300w, https:\/\/www.fasj.org.ar\/wp\/wp-content\/uploads\/2026\/08\/ia5-150x150.png 150w, https:\/\/www.fasj.org.ar\/wp\/wp-content\/uploads\/2026\/08\/ia5-768x768.png 768w, https:\/\/www.fasj.org.ar\/wp\/wp-content\/uploads\/2026\/08\/ia5-696x696.png 696w\" sizes=\"auto, (max-width: 696px) 100vw, 696px\" \/><\/a>\n\t\t\t<\/div><\/figure><figure class='gallery-item'>\n\t\t\t<div class='gallery-icon landscape'>\n\t\t\t\t<a href='https:\/\/www.fasj.org.ar\/wp\/2026\/08\/25\/una-charla-practica-para-acercar-las-primeras-herramientas-de-inteligencia-artificial-a-la-abogacia\/ia4-3\/'><img loading=\"lazy\" decoding=\"async\" width=\"696\" height=\"696\" src=\"https:\/\/www.fasj.org.ar\/wp\/wp-content\/uploads\/2026\/08\/ia4.png\" class=\"attachment-large size-large\" alt=\"\" srcset=\"https:\/\/www.fasj.org.ar\/wp\/wp-content\/uploads\/2026\/08\/ia4.png 1000w, https:\/\/www.fasj.org.ar\/wp\/wp-content\/uploads\/2026\/08\/ia4-300x300.png 300w, https:\/\/www.fasj.org.ar\/wp\/wp-content\/uploads\/2026\/08\/ia4-150x150.png 150w, https:\/\/www.fasj.org.ar\/wp\/wp-content\/uploads\/2026\/08\/ia4-768x768.png 768w, https:\/\/www.fasj.org.ar\/wp\/wp-content\/uploads\/2026\/08\/ia4-696x696.png 696w\" sizes=\"auto, (max-width: 696px) 100vw, 696px\" \/><\/a>\n\t\t\t<\/div><\/figure><figure class='gallery-item'>\n\t\t\t<div class='gallery-icon landscape'>\n\t\t\t\t<a href='https:\/\/www.fasj.org.ar\/wp\/2026\/08\/25\/una-charla-practica-para-acercar-las-primeras-herramientas-de-inteligencia-artificial-a-la-abogacia\/ia3-2\/'><img loading=\"lazy\" decoding=\"async\" width=\"696\" height=\"696\" src=\"https:\/\/www.fasj.org.ar\/wp\/wp-content\/uploads\/2026\/08\/ia3.png\" class=\"attachment-large size-large\" alt=\"\" srcset=\"https:\/\/www.fasj.org.ar\/wp\/wp-content\/uploads\/2026\/08\/ia3.png 1000w, https:\/\/www.fasj.org.ar\/wp\/wp-content\/uploads\/2026\/08\/ia3-300x300.png 300w, https:\/\/www.fasj.org.ar\/wp\/wp-content\/uploads\/2026\/08\/ia3-150x150.png 150w, https:\/\/www.fasj.org.ar\/wp\/wp-content\/uploads\/2026\/08\/ia3-768x768.png 768w, https:\/\/www.fasj.org.ar\/wp\/wp-content\/uploads\/2026\/08\/ia3-696x696.png 696w\" sizes=\"auto, (max-width: 696px) 100vw, 696px\" \/><\/a>\n\t\t\t<\/div><\/figure>\n\t\t<\/div>\n\n","protected":false},"excerpt":{"rendered":"<p>El lunes 24 de agosto se desarroll\u00f3 en el Foro de Abogados de San Juan la charla pr\u00e1ctica \u201cPrimeros pasos en IA\u201d, una propuesta de capacitaci\u00f3n destinada a brindar un acercamiento inicial al uso de la Inteligencia Artificial y sus posibilidades de aplicaci\u00f3n en el \u00e1mbito profesional. La actividad estuvo a cargo del Dr. Enrique [&hellip;]<\/p>\n","protected":false},"author":18,"featured_media":45860,"comment_status":"closed","ping_status":"open","sticky":false,"template":"","format":"standard","meta":{"footnotes":""},"categories":[82],"tags":[],"class_list":["post-45855","post","type-post","status-publish","format-standard","has-post-thumbnail","category-noticias-destacadas"],"_links":{"self":[{"href":"https:\/\/www.fasj.org.ar\/wp\/wp-json\/wp\/v2\/posts\/45855","targetHints":{"allow":["GET"]}}],"collection":[{"href":"https:\/\/www.fasj.org.ar\/wp\/wp-json\/wp\/v2\/posts"}],"about":[{"href":"https:\/\/www.fasj.org.ar\/wp\/wp-json\/wp\/v2\/types\/post"}],"author":[{"embeddable":true,"href":"https:\/\/www.fasj.org.ar\/wp\/wp-json\/wp\/v2\/users\/18"}],"replies":[{"embeddable":true,"href":"https:\/\/www.fasj.org.ar\/wp\/wp-json\/wp\/v2\/comments?post=45855"}],"version-history":[{"count":2,"href":"https:\/\/www.fasj.org.ar\/wp\/wp-json\/wp\/v2\/posts\/45855\/revisions"}],"predecessor-version":[{"id":45862,"href":"https:\/\/www.fasj.org.ar\/wp\/wp-json\/wp\/v2\/posts\/45855\/revisions\/45862"}],"wp:featuredmedia":[{"embeddable":true,"href":"https:\/\/www.fasj.org.ar\/wp\/wp-json\/wp\/v2\/media\/45860"}],"wp:attachment":[{"href":"https:\/\/www.fasj.org.ar\/wp\/wp-json\/wp\/v2\/media?parent=45855"}],"wp:term":[{"taxonomy":"category","embeddable":true,"href":"https:\/\/www.fasj.org.ar\/wp\/wp-json\/wp\/v2\/categories?post=45855"},{"taxonomy":"post_tag","embeddable":true,"href":"https:\/\/www.fasj.org.ar\/wp\/wp-json\/wp\/v2\/tags?post=45855"}],"curies":[{"name":"wp","href":"https:\/\/api.w.org\/{rel}","templated":true}]}}