{"id":41544,"date":"2025-07-26T12:59:00","date_gmt":"2025-07-26T15:59:00","guid":{"rendered":"https:\/\/www.fasj.org.ar\/wp\/?p=41544"},"modified":"2025-07-26T12:59:00","modified_gmt":"2025-07-26T15:59:00","slug":"xiv-jornadas-nacionales-de-abogadas-faca","status":"publish","type":"post","link":"https:\/\/www.fasj.org.ar\/wp\/2025\/07\/26\/xiv-jornadas-nacionales-de-abogadas-faca\/","title":{"rendered":"XIV JORNADAS NACIONALES DE ABOGADAS FACA"},"content":{"rendered":"<div>\u2002\u2002Tenemos el agrado de dirigirnos a Ud. a fin de hacerle llegar Nota de la Federacion, Programa tentativo, reglamento de ponencias y hoteles de las<strong>\u00a0XIV JORNADAS NACIONALES DE ABOGADAS<\/strong>\u00a0que se realizar\u00e1n en el Colegio de Abogados de Gral. Roca (Provincia de R\u00edo Negro) los d\u00edas 16 y 17 de Octubre de 2025.<\/div>\n<div>Asimismo, le remitimos formulario de inscripci\u00f3n para dichas Jornadas.<\/div>\n<div><a id=\"m_8155598264583997010v1OWAc93c8624-af75-8416-fc95-09d455baa8fe\" href=\"https:\/\/docs.google.com\/forms\/d\/e\/1FAIpQLSdHvsqtHQsuPzYVgnBVtdHyNZnObvSTYF5I3rrpxheJwJHAIw\/viewform\" target=\"_blank\" rel=\"noopener noreferrer\" data-saferedirecturl=\"https:\/\/www.google.com\/url?q=https:\/\/docs.google.com\/forms\/d\/e\/1FAIpQLSdHvsqtHQsuPzYVgnBVtdHyNZnObvSTYF5I3rrpxheJwJHAIw\/viewform&amp;source=gmail&amp;ust=1753628362916000&amp;usg=AOvVaw0w39QlRo4KkCUXYF9boL5v\">https:\/\/docs.google.com\/forms\/<wbr \/>d\/e\/<wbr \/>1FAIpQLSdHvsqtHQsuPzYVgnBVtdHy<wbr \/>NZnObvSTYF5I3rrpxheJwJHAIw\/<wbr \/>viewform<\/a><\/div>\n","protected":false},"excerpt":{"rendered":"<p>\u2002\u2002Tenemos el agrado de dirigirnos a Ud. a fin de hacerle llegar Nota de la Federacion, Programa tentativo, reglamento de ponencias y hoteles de las\u00a0XIV JORNADAS NACIONALES DE ABOGADAS\u00a0que se realizar\u00e1n en el Colegio de Abogados de Gral. Roca (Provincia de R\u00edo Negro) los d\u00edas 16 y 17 de Octubre de 2025. Asimismo, le remitimos [&hellip;]<\/p>\n","protected":false},"author":18,"featured_media":35776,"comment_status":"closed","ping_status":"open","sticky":false,"template":"","format":"standard","meta":{"footnotes":""},"categories":[4],"tags":[],"class_list":{"0":"post-41544","1":"post","2":"type-post","3":"status-publish","4":"format-standard","5":"has-post-thumbnail","7":"category-capacitacion"},"_links":{"self":[{"href":"https:\/\/www.fasj.org.ar\/wp\/wp-json\/wp\/v2\/posts\/41544","targetHints":{"allow":["GET"]}}],"collection":[{"href":"https:\/\/www.fasj.org.ar\/wp\/wp-json\/wp\/v2\/posts"}],"about":[{"href":"https:\/\/www.fasj.org.ar\/wp\/wp-json\/wp\/v2\/types\/post"}],"author":[{"embeddable":true,"href":"https:\/\/www.fasj.org.ar\/wp\/wp-json\/wp\/v2\/users\/18"}],"replies":[{"embeddable":true,"href":"https:\/\/www.fasj.org.ar\/wp\/wp-json\/wp\/v2\/comments?post=41544"}],"version-history":[{"count":1,"href":"https:\/\/www.fasj.org.ar\/wp\/wp-json\/wp\/v2\/posts\/41544\/revisions"}],"predecessor-version":[{"id":41545,"href":"https:\/\/www.fasj.org.ar\/wp\/wp-json\/wp\/v2\/posts\/41544\/revisions\/41545"}],"wp:featuredmedia":[{"embeddable":true,"href":"https:\/\/www.fasj.org.ar\/wp\/wp-json\/wp\/v2\/media\/35776"}],"wp:attachment":[{"href":"https:\/\/www.fasj.org.ar\/wp\/wp-json\/wp\/v2\/media?parent=41544"}],"wp:term":[{"taxonomy":"category","embeddable":true,"href":"https:\/\/www.fasj.org.ar\/wp\/wp-json\/wp\/v2\/categories?post=41544"},{"taxonomy":"post_tag","embeddable":true,"href":"https:\/\/www.fasj.org.ar\/wp\/wp-json\/wp\/v2\/tags?post=41544"}],"curies":[{"name":"wp","href":"https:\/\/api.w.org\/{rel}","templated":true}]}}