{"id":38460,"date":"2024-10-11T09:58:04","date_gmt":"2024-10-11T12:58:04","guid":{"rendered":"https:\/\/www.fasj.org.ar\/wp\/?p=38460"},"modified":"2024-10-11T10:03:59","modified_gmt":"2024-10-11T13:03:59","slug":"ciclo-de-conversatorios-sobre-violencia-y-suicidio-en-el-ejercicio-profesional-del-derecho","status":"publish","type":"post","link":"https:\/\/www.fasj.org.ar\/wp\/2024\/10\/11\/ciclo-de-conversatorios-sobre-violencia-y-suicidio-en-el-ejercicio-profesional-del-derecho\/","title":{"rendered":"Ciclo de Conversatorios sobre Violencia y Suicidio en el Ejercicio Profesional del Derecho"},"content":{"rendered":"<p>El Foro de Abogados de San Juan lleva a cabo un ciclo de conversatorios que comenz\u00f3 en abril y continuar\u00e1 hasta noviembre, abordando temas cr\u00edticos como la violencia y el suicidio en el \u00e1mbito profesional del derecho. Los disertantes incluyen a la Lic. Mar\u00eda Eugenia Ochoa, Directora de Prevenci\u00f3n del Delito y Violencia; el Lic. Esequiel Ibaceta, especialista en suicidio; y la Dra. Nancy Mabel L\u00f3pez, Directora del Instituto de la Mujer y G\u00e9nero del Foro de Abogados.<\/p>\n<p>Este ciclo busca promover el di\u00e1logo y la concientizaci\u00f3n sobre estos temas sensibles que afectan tanto a los profesionales como a la sociedad en general.<\/p>\n<p><img loading=\"lazy\" decoding=\"async\" class=\"alignnone size-large wp-image-38463\" src=\"https:\/\/www.fasj.org.ar\/wp\/wp-content\/uploads\/2024\/10\/charla-sobre-suicidio1-1024x995.png\" alt=\"\" width=\"696\" height=\"676\" srcset=\"https:\/\/www.fasj.org.ar\/wp\/wp-content\/uploads\/2024\/10\/charla-sobre-suicidio1-1024x995.png 1024w, https:\/\/www.fasj.org.ar\/wp\/wp-content\/uploads\/2024\/10\/charla-sobre-suicidio1-300x291.png 300w, https:\/\/www.fasj.org.ar\/wp\/wp-content\/uploads\/2024\/10\/charla-sobre-suicidio1-768x746.png 768w, https:\/\/www.fasj.org.ar\/wp\/wp-content\/uploads\/2024\/10\/charla-sobre-suicidio1-1536x1492.png 1536w, https:\/\/www.fasj.org.ar\/wp\/wp-content\/uploads\/2024\/10\/charla-sobre-suicidio1-696x676.png 696w, https:\/\/www.fasj.org.ar\/wp\/wp-content\/uploads\/2024\/10\/charla-sobre-suicidio1-1068x1038.png 1068w, https:\/\/www.fasj.org.ar\/wp\/wp-content\/uploads\/2024\/10\/charla-sobre-suicidio1.png 1753w\" sizes=\"auto, (max-width: 696px) 100vw, 696px\" \/> <img loading=\"lazy\" decoding=\"async\" class=\"alignnone size-large wp-image-38464\" src=\"https:\/\/www.fasj.org.ar\/wp\/wp-content\/uploads\/2024\/10\/charla-sobre-suicidio2-1024x995.png\" alt=\"\" width=\"696\" height=\"676\" srcset=\"https:\/\/www.fasj.org.ar\/wp\/wp-content\/uploads\/2024\/10\/charla-sobre-suicidio2-1024x995.png 1024w, https:\/\/www.fasj.org.ar\/wp\/wp-content\/uploads\/2024\/10\/charla-sobre-suicidio2-300x291.png 300w, https:\/\/www.fasj.org.ar\/wp\/wp-content\/uploads\/2024\/10\/charla-sobre-suicidio2-768x746.png 768w, https:\/\/www.fasj.org.ar\/wp\/wp-content\/uploads\/2024\/10\/charla-sobre-suicidio2-1536x1492.png 1536w, https:\/\/www.fasj.org.ar\/wp\/wp-content\/uploads\/2024\/10\/charla-sobre-suicidio2-696x676.png 696w, https:\/\/www.fasj.org.ar\/wp\/wp-content\/uploads\/2024\/10\/charla-sobre-suicidio2-1068x1038.png 1068w, https:\/\/www.fasj.org.ar\/wp\/wp-content\/uploads\/2024\/10\/charla-sobre-suicidio2.png 1753w\" sizes=\"auto, (max-width: 696px) 100vw, 696px\" \/><\/p>\n<p><img loading=\"lazy\" decoding=\"async\" class=\"alignnone size-large wp-image-38462\" src=\"https:\/\/www.fasj.org.ar\/wp\/wp-content\/uploads\/2024\/10\/charla-sobre-suicidio-1024x995.png\" alt=\"\" width=\"696\" height=\"676\" srcset=\"https:\/\/www.fasj.org.ar\/wp\/wp-content\/uploads\/2024\/10\/charla-sobre-suicidio-1024x995.png 1024w, https:\/\/www.fasj.org.ar\/wp\/wp-content\/uploads\/2024\/10\/charla-sobre-suicidio-300x291.png 300w, https:\/\/www.fasj.org.ar\/wp\/wp-content\/uploads\/2024\/10\/charla-sobre-suicidio-768x746.png 768w, https:\/\/www.fasj.org.ar\/wp\/wp-content\/uploads\/2024\/10\/charla-sobre-suicidio-1536x1492.png 1536w, https:\/\/www.fasj.org.ar\/wp\/wp-content\/uploads\/2024\/10\/charla-sobre-suicidio-696x676.png 696w, https:\/\/www.fasj.org.ar\/wp\/wp-content\/uploads\/2024\/10\/charla-sobre-suicidio-1068x1038.png 1068w, https:\/\/www.fasj.org.ar\/wp\/wp-content\/uploads\/2024\/10\/charla-sobre-suicidio.png 1753w\" sizes=\"auto, (max-width: 696px) 100vw, 696px\" \/><\/p>\n","protected":false},"excerpt":{"rendered":"<p>El Foro de Abogados de San Juan lleva a cabo un ciclo de conversatorios que comenz\u00f3 en abril y continuar\u00e1 hasta noviembre, abordando temas cr\u00edticos como la violencia y el suicidio en el \u00e1mbito profesional del derecho. Los disertantes incluyen a la Lic. Mar\u00eda Eugenia Ochoa, Directora de Prevenci\u00f3n del Delito y Violencia; el Lic. [&hellip;]<\/p>\n","protected":false},"author":18,"featured_media":38461,"comment_status":"closed","ping_status":"open","sticky":false,"template":"","format":"standard","meta":{"footnotes":""},"categories":[102,82],"tags":[],"class_list":{"0":"post-38460","1":"post","2":"type-post","3":"status-publish","4":"format-standard","5":"has-post-thumbnail","7":"category-instituto-de-la-mujer-y-genero-del-foro-de-abogados","8":"category-noticias-destacadas"},"_links":{"self":[{"href":"https:\/\/www.fasj.org.ar\/wp\/wp-json\/wp\/v2\/posts\/38460","targetHints":{"allow":["GET"]}}],"collection":[{"href":"https:\/\/www.fasj.org.ar\/wp\/wp-json\/wp\/v2\/posts"}],"about":[{"href":"https:\/\/www.fasj.org.ar\/wp\/wp-json\/wp\/v2\/types\/post"}],"author":[{"embeddable":true,"href":"https:\/\/www.fasj.org.ar\/wp\/wp-json\/wp\/v2\/users\/18"}],"replies":[{"embeddable":true,"href":"https:\/\/www.fasj.org.ar\/wp\/wp-json\/wp\/v2\/comments?post=38460"}],"version-history":[{"count":2,"href":"https:\/\/www.fasj.org.ar\/wp\/wp-json\/wp\/v2\/posts\/38460\/revisions"}],"predecessor-version":[{"id":38466,"href":"https:\/\/www.fasj.org.ar\/wp\/wp-json\/wp\/v2\/posts\/38460\/revisions\/38466"}],"wp:featuredmedia":[{"embeddable":true,"href":"https:\/\/www.fasj.org.ar\/wp\/wp-json\/wp\/v2\/media\/38461"}],"wp:attachment":[{"href":"https:\/\/www.fasj.org.ar\/wp\/wp-json\/wp\/v2\/media?parent=38460"}],"wp:term":[{"taxonomy":"category","embeddable":true,"href":"https:\/\/www.fasj.org.ar\/wp\/wp-json\/wp\/v2\/categories?post=38460"},{"taxonomy":"post_tag","embeddable":true,"href":"https:\/\/www.fasj.org.ar\/wp\/wp-json\/wp\/v2\/tags?post=38460"}],"curies":[{"name":"wp","href":"https:\/\/api.w.org\/{rel}","templated":true}]}}