{"id":31690,"date":"2023-09-06T11:25:21","date_gmt":"2023-09-06T14:25:21","guid":{"rendered":"https:\/\/www.fasj.org.ar\/wp\/?p=31690"},"modified":"2023-09-06T11:51:51","modified_gmt":"2023-09-06T14:51:51","slug":"vi-jornada-sanjuaninas-de-derecho-de-la-salud","status":"publish","type":"post","link":"https:\/\/www.fasj.org.ar\/wp\/2023\/09\/06\/vi-jornada-sanjuaninas-de-derecho-de-la-salud\/","title":{"rendered":"VI Jornada Sanjuaninas de Derecho de la Salud"},"content":{"rendered":"<style>\/*! elementor - v3.15.0 - 20-08-2023 *\/\n.elementor-widget-image{text-align:center}.elementor-widget-image a{display:inline-block}.elementor-widget-image a img[src$=\".svg\"]{width:48px}.elementor-widget-image img{vertical-align:middle;display:inline-block}<\/style>\n<p>\t\t\t\t\t\t\t\t\t\t\t\t\t<a href=\"https:\/\/www.fasj.org.ar\/wp\/la-voz-del-foro\/\"><br \/>\n\t\t\t\t\t\t\t<img decoding=\"async\" width=\"696\" height=\"43\" src=\"https:\/\/www.fasj.org.ar\/wp\/wp-content\/uploads\/2023\/07\/logo.png\" alt=\"\" loading=\"lazy\" srcset=\"https:\/\/www.fasj.org.ar\/wp\/wp-content\/uploads\/2023\/07\/logo.png 915w, https:\/\/www.fasj.org.ar\/wp\/wp-content\/uploads\/2023\/07\/logo-300x18.png 300w, https:\/\/www.fasj.org.ar\/wp\/wp-content\/uploads\/2023\/07\/logo-768x47.png 768w, https:\/\/www.fasj.org.ar\/wp\/wp-content\/uploads\/2023\/07\/logo-696x43.png 696w, https:\/\/www.fasj.org.ar\/wp\/wp-content\/uploads\/2023\/07\/logo-150x9.png 150w\" sizes=\"auto, (max-width: 696px) 100vw, 696px\" \/>\t\t\t\t\t\t\t\t<\/a><\/p>\n<style>\/*! elementor - v3.15.0 - 20-08-2023 *\/\n.elementor-heading-title{padding:0;margin:0;line-height:1}.elementor-widget-heading .elementor-heading-title[class*=elementor-size-]>a{color:inherit;font-size:inherit;line-height:inherit}.elementor-widget-heading .elementor-heading-title.elementor-size-small{font-size:15px}.elementor-widget-heading .elementor-heading-title.elementor-size-medium{font-size:19px}.elementor-widget-heading .elementor-heading-title.elementor-size-large{font-size:29px}.elementor-widget-heading .elementor-heading-title.elementor-size-xl{font-size:39px}.elementor-widget-heading .elementor-heading-title.elementor-size-xxl{font-size:59px}<\/style>\n<h2><a href=\"https:\/\/www.fasj.org.ar\/wp\/la-voz-del-foro\/\">LA VOZ DEL FORO<\/a><\/h2>\n<p>\t\t\t<a href=\"#\"><br \/>\n\t\t\t\t\t\tInstituto de Derecho de la Salud<br \/>\n\t\t\t\t\t<\/a><\/p>\n<h2>CONCLUSIONES DE LAS VI JORNADA SANJUANINAS DE DERECHO DE LA SALUD<\/h2>\n<p>\t\t\t\t\t\t\t\t\t\t\t\t\t\t\t<img decoding=\"async\" width=\"83\" height=\"77\" src=\"https:\/\/www.fasj.org.ar\/wp\/wp-content\/uploads\/2023\/09\/ibarra.jpg\" alt=\"\" loading=\"lazy\" \/>\t\t\t\t\t\t\t\t\t\t\t\t\t\t\t<\/p>\n<p style=\"text-align: center;\"><strong>POR MARCOS JAVIER IBARRA<\/strong><\/p>\n<p style=\"text-align: center;\">Abogado. Director del Instituto de Derecho de la Salud del Foro de Abogados de San Juan<\/p>\n<p>\t\t\t\t\t\t\t\t\t\t\t\t\t\t\t<img decoding=\"async\" width=\"696\" height=\"493\" src=\"https:\/\/www.fasj.org.ar\/wp\/wp-content\/uploads\/2023\/09\/La-salud-es-un-derecho-humano-que-se-debe-garantizar.jpeg\" alt=\"\" loading=\"lazy\" srcset=\"https:\/\/www.fasj.org.ar\/wp\/wp-content\/uploads\/2023\/09\/La-salud-es-un-derecho-humano-que-se-debe-garantizar.jpeg 960w, https:\/\/www.fasj.org.ar\/wp\/wp-content\/uploads\/2023\/09\/La-salud-es-un-derecho-humano-que-se-debe-garantizar-300x213.jpeg 300w, https:\/\/www.fasj.org.ar\/wp\/wp-content\/uploads\/2023\/09\/La-salud-es-un-derecho-humano-que-se-debe-garantizar-768x544.jpeg 768w, https:\/\/www.fasj.org.ar\/wp\/wp-content\/uploads\/2023\/09\/La-salud-es-un-derecho-humano-que-se-debe-garantizar-696x493.jpeg 696w, https:\/\/www.fasj.org.ar\/wp\/wp-content\/uploads\/2023\/09\/La-salud-es-un-derecho-humano-que-se-debe-garantizar-150x106.jpeg 150w\" sizes=\"auto, (max-width: 696px) 100vw, 696px\" \/>\t\t\t\t\t\t\t\t\t\t\t\t\t\t\t<\/p>\n<p><b>Los d\u00edas 3 y 4 de agosto pr\u00f3ximo pasado se llevaron a cabo las VI Jornadas Sanjuaninas de Derecho de la Salud cuyo lema fue <em>\u00a8Salud Humana, Salud Animal y Salud Ambiental: una salud.\u00a0 Pol\u00edticas p\u00fablicas, marcos jur\u00eddicos y regulatorios con perspectiva local y multidisciplinar\u00a8.<\/em><\/b><\/p>\n<p>Con la organizaci\u00f3n del Instituto de Derecho de la Salud del Foro de Abogados de San Juan y la colaboraci\u00f3n del Instituto de Derecho Ambiental y Minero y el Instituto Interdisciplinario de Derecho Animal fueron reunidos 22 ponentes de diversas \u00e1reas y especialidades con un solo objetivo, debatir los alcances locales y los desaf\u00edos de la implementaci\u00f3n del enfoque \u00a8una salud\u00a8.<\/p>\n<p>El Instituto se hab\u00eda planteado tres objetivos al comenzar la diagramaci\u00f3n de esta edici\u00f3n, de las ya cl\u00e1sicas jornadas sanjuaninas de derecho de la salud. Un primer objetivo era estimular el dialogo sobre temas de \u00a8una salud\u00a8 en la sociedad de San Juan, otro se dirig\u00eda al impulso de una agenda com\u00fan entre expertos de \u00a8una salud\u00a8 y el ultimo, obtener insumos para elaborar recomendaciones sobre este enfoque tanto al sector p\u00fablico como al privado de nuestra provincia.<\/p>\n<p>Nos acompa\u00f1aron abogados particulares y abogados de organismos e instituciones vinculadas a \u00a8una salud\u00a8 como tambi\u00e9n miembros del Poder Judicial, miembros de equipos de salud, referentes de sociedades cient\u00edficas, de organizaciones de pacientes y de ONG\u00b4s pertenecientes a casi todas las provincias de Argentina,\u00a0y desde Espa\u00f1a, M\u00e9xico, Ecuador y Chile.<\/p>\n<p>La gran convocatoria, con m\u00e1s de 150 asistentes, y nivel local, la gran participaci\u00f3n de abogados del \u00e1mbito p\u00fablico (sector sanitario y no sanitario) y miembros de equipos de salud sobre todo del primer nivel de atenci\u00f3n dan cuenta de la aceptaci\u00f3n e inter\u00e9s de los temas ofrecidos en estas jornadas, pero tambi\u00e9n, de la necesidad de profundizar en estos enfoques multidisciplinarios. \u00a0<\/p>\n<p>Participo de la apertura el presidente del Foro de Abogados de San Juan, Dr. Marcelo \u00c1lvarez, la directora del Instituto de Derecho Ambiental y Minero, la Dra. Paola Escudero, directora del Instituto de Derecho Animal y quien suscribe en car\u00e1cter de director del Instituto de Derecho de la Salud.<\/p>\n<p>El Dr. Sergio Albarrac\u00edn<a style=\"color: #000000;\" href=\"#_ftn1\" name=\"_ftnref1\">[1]<\/a> se\u00f1alaba la importancia del registro que llevan sobre la prescripci\u00f3n de antibi\u00f3ticos y la incorporaci\u00f3n de profesionales de la biolog\u00eda para el establecimiento de acciones sobre control de vectores en el \u00e1mbito geogr\u00e1fico del hospital, con la construcci\u00f3n de bases georreferenciadas de pacientes.<\/p>\n<p>El Dr. Gustavo Rodr\u00edguez<a style=\"color: #000000;\" href=\"#_ftn2\" name=\"_ftnref2\">[2]<\/a> ilustraba la impronta social dada por la Comisi\u00f3n de Salud de la C\u00e1mara de Diputados de la Provincia de San Juan a la normativa emanada de esa C\u00e1mara. Revalorizo las instancias de colaboraci\u00f3n interinstitucional para la mejor elaboraci\u00f3n de las normas relativas a la salud.<\/p>\n<p>La Dra. Marisa Aizenberg<a style=\"color: #000000;\" href=\"#_ftn3\" name=\"_ftnref3\">[3]<\/a> remarcaba la importancia de establecer alianzas de coordinaci\u00f3n para la implementaci\u00f3n del enfoque \u00a8una salud\u00a8, a trav\u00e9s del robustecimiento de los marcos normativos sobre salud humana, animal y vegetal para prevenir y abordar las enfermedades zoon\u00f3ticas y para el establecimiento de mejores pol\u00edticas p\u00fablicas en materia de salud a los fines de alcanzar un mayor cumplimiento del Derecho de la Salud.<\/p>\n<p>La comunicaci\u00f3n, entendida por nosotros como un determinante de la salud, tuvo tratamiento en la voz de la Dra. M\u00f3nica Petracci<a style=\"color: #000000;\" href=\"#_ftn4\" name=\"_ftnref4\">[4]<\/a> donde caracterizo al campo comunicaci\u00f3n y salud como: un proceso social de producci\u00f3n de sentidos y significados y no como una herramienta o recurso para la salud, es decir como una disciplina aut\u00f3noma y compleja. En ese sentido se\u00f1alo, la importancia de entender la comunicaci\u00f3n y salud m\u00e1s all\u00e1 de la idea de una herramienta de cambio individual y entenderla como base de construcci\u00f3n de ciudadan\u00eda y autonom\u00eda.<\/p>\n<p>Se presento el programa \u00a8Misi\u00f3n Buen Ambiente\u00a8 que permiti\u00f3 analizar un caso pr\u00e1ctico de acciones de comunicaci\u00f3n para potenciar otras acciones relativas a la recolecci\u00f3n de residuos s\u00f3lidos urbanos. Esta presentaci\u00f3n de la Lic. Gabriela Ontiveros revalorizo la necesidad de entender la comunicaci\u00f3n m\u00e1s all\u00e1 de una visi\u00f3n puramente instrumental y como creadora de espacios de participaci\u00f3n.<\/p>\n<p>A su turno la Lic. Laura Alonso<a style=\"color: #000000;\" href=\"#_ftn5\" name=\"_ftnref5\">[5]<\/a> explico la importancia y conformaci\u00f3n de un Comit\u00e9 de Control de Infecciones para el control de infecciones asociadas al cuidado de la salud (IACS), un problema sanitario que requiere atenci\u00f3n por el aumento de la morbimortalidad y los costos del sistema sanitario, dos cuestiones que tienen consecuencias en el Derecho de la Salud.<\/p>\n<p>La Dra. Liliana Acosta<a style=\"color: #000000;\" href=\"#_ftn6\" name=\"_ftnref6\">[6]<\/a> experta en Geogr\u00e1fica M\u00e9dica, se\u00f1alo la importancia y utilidad del manejo y evaluaci\u00f3n de los datos sanitarios para entender y abordar el origen de las enfermedades en su vinculaci\u00f3n con el ambiente. Como desaf\u00edo, remarco, la inaccesibilidad a ciertos datos que permitir\u00e1n, con las herramientas y t\u00e9cnicas adecuadas, un mejor dise\u00f1o de pol\u00edticas \u00b4p\u00fablicas sanitarias.<\/p>\n<p>En el segundo d\u00eda de las jornadas se llev\u00f3 a cabo un conversatorio del que participaron las Dras. Romina Mataix<a style=\"color: #000000;\" href=\"#_ftn7\" name=\"_ftnref7\">[7]<\/a>, Noelia Duarte<a style=\"color: #000000;\" href=\"#_ftn8\" name=\"_ftnref8\">[8]<\/a> y la Lic. Silvina Adarvez<a style=\"color: #000000;\" href=\"#_ftn9\" name=\"_ftnref9\">[9]<\/a> en el que se debati\u00f3 sobre la inclusi\u00f3n del enfoque \u00a8una salud\u00a8 en los planes de estudio universitarios, la inclusi\u00f3n normativa tanto de los principios del Derecho de la Salud como de las normas relativas al\u00a0 enfoque \u00a8una salud\u00a8 en el trabajo de las sociedades cient\u00edficas y las posibilidades de establecer plataformas colaborativas de acci\u00f3n relativas al enfoque mencionado.<\/p>\n<p>\u00bfUna justicia para \u00a8una salud\u00a8? Fue el disparador que tuvo como eje el panel sobre tribunales especializados que reuni\u00f3 a dos expertos en ese campo. La Dra. Ana In\u00e9s Diaz<a style=\"color: #000000;\" href=\"#_ftn10\" name=\"_ftnref10\">[10]<\/a>, desde Mar del Plata, reafirmo la necesidad de contar con tribunales especializados en materia de salud, por la autonom\u00eda judicial de la rama, y por la complejidad y multiplicidad de causas en materia de salud, y propuso nuevas herramientas procesales en materia de salud.<\/p>\n<p>Por su parte, el Dr. Gast\u00f3n Noguera Ramos<a style=\"color: #000000;\" href=\"#_ftn11\" name=\"_ftnref11\">[11]<\/a> se\u00f1alo algunos denominadores comunes, con la cuesti\u00f3n salud y la existencia de herramientas procesales que otorga la \u00faltima modificaci\u00f3n al c\u00f3digo de procedimientos de la Provincia de San Juan que justifican la necesidad de establecer tribunales especializados en materia de protecci\u00f3n del medio ambiente.<\/p>\n<p>La Dra. Micaela Bonafina<a style=\"color: #000000;\" href=\"#_ftn12\" name=\"_ftnref12\">[12]<\/a> en el panel: Marcos jur\u00eddicos y regulatorios de una salud, hacia una perspectiva local, explico los pilares del Protocolo de Nagoya: el reconocimiento de la soberan\u00eda de los pa\u00edses sobre sus recursos gen\u00e9ticos, la distribuci\u00f3n de resultados monetarios y no monetarios y las obligaciones de monitorear la utilizaci\u00f3n de estos recursos. Estas perspectivas deber\u00edan aplicarse a los insumos de, por ejemplo, las vacunas.<\/p>\n<p>La Lic. Sonia Nauman<a style=\"color: #000000;\" href=\"#_ftn13\" name=\"_ftnref13\">[13]<\/a>, en el mismo panel, abordo una especial tem\u00e1tica referida a la protecci\u00f3n de la lactancia materna y se\u00f1alo puntos cr\u00edticos de regulaci\u00f3n normativa como lo es la comercializaci\u00f3n de suced\u00e1neos de leche materna y medidas de protecci\u00f3n en \u00e1mbitos laborales. Se\u00f1alo como dificultades el marketing y publicidad abusiva y otros determinantes sociales y ambientales de la salud.<\/p>\n<p>Se introdujeron temas relativos a la ecoansiedad propios de la psicolog\u00eda ambiental por sus relaciones con el Derecho de la Salud y en particular con los temas de \u00a8una salud\u00a8. Estos estuvieron a cargo de la Lic. Graciela Tonello<a style=\"color: #000000;\" href=\"#_ftn14\" name=\"_ftnref14\">[14]<\/a>, que nos acompa\u00f1\u00f3 desde la Provincia de Tucum\u00e1n.<\/p>\n<p>La Arq. Alicia Pringles<a style=\"color: #000000;\" href=\"#_ftn15\" name=\"_ftnref15\">[15]<\/a>\u00a0por \u00faltimo, desde el campo de la arquitectura y el h\u00e1bitat, aporto luces para la humanizaci\u00f3n de los espacios de la salud desde el dise\u00f1o y construcci\u00f3n de Hospitales, cl\u00ednicas y centros de salud centrados en el paciente. Lo que refuerza la idea de que la atenci\u00f3n sanitaria es mucho m\u00e1s abarcativo que la capacidad cl\u00ednica, tecnol\u00f3gica o farmac\u00e9utica del sistema sanitario.<\/p>\n<p>Los temas tratados, la expertiz de los disertantes y heterogeneidad de los asistentes han permitido que las VI Jornadas Sanjuaninas de Derecho de la Salid superen todas las expectativas tenidas en cuenta al momento de su organizaci\u00f3n, as\u00ed como el cumplimiento de los objetivos explicitados.<\/p>\n<p>Queremos agradecer a las Instituciones cient\u00edficas, educativas y legislativas que nos acompa\u00f1aron: C\u00e1mara de Diputados de la Provincia de San Juan, Facultad de Arquitectura, Urbanismo y Dise\u00f1o de la Universidad Nacional de San Juan, Colegio M\u00e9dico de San Juan, Asociaci\u00f3n Argentina de Oncolog\u00eda Cl\u00ednica, C\u00e1mara Argentina de Empresas de Internaci\u00f3n Domiciliaria,\u00a0 Asociaci\u00f3n Argentina de Enfermeros en Control de Infecciones, Asociaci\u00f3n M\u00e9dica Argentina de Anticoncepci\u00f3n, Colegio Fisio-Kin\u00e9sico de San Juan.<\/p>\n<p>Quedar\u00e1 por delante, para nuestro instituto, transformar los insumos obtenidos en acciones que mejoren el Derecho de la Salud de nuestra provincia, a trav\u00e9s del mejoramiento de las pol\u00edticas regulatorias y la capacitaci\u00f3n de nuestros recursos humanos.<\/p>\n<style>\/*! elementor - v3.15.0 - 20-08-2023 *\/\n.elementor-widget-divider{--divider-border-style:none;--divider-border-width:1px;--divider-color:#0c0d0e;--divider-icon-size:20px;--divider-element-spacing:10px;--divider-pattern-height:24px;--divider-pattern-size:20px;--divider-pattern-url:none;--divider-pattern-repeat:repeat-x}.elementor-widget-divider .elementor-divider{display:flex}.elementor-widget-divider .elementor-divider__text{font-size:15px;line-height:1;max-width:95%}.elementor-widget-divider .elementor-divider__element{margin:0 var(--divider-element-spacing);flex-shrink:0}.elementor-widget-divider .elementor-icon{font-size:var(--divider-icon-size)}.elementor-widget-divider .elementor-divider-separator{display:flex;margin:0;direction:ltr}.elementor-widget-divider--view-line_icon .elementor-divider-separator,.elementor-widget-divider--view-line_text .elementor-divider-separator{align-items:center}.elementor-widget-divider--view-line_icon .elementor-divider-separator:after,.elementor-widget-divider--view-line_icon .elementor-divider-separator:before,.elementor-widget-divider--view-line_text .elementor-divider-separator:after,.elementor-widget-divider--view-line_text .elementor-divider-separator:before{display:block;content:\"\";border-bottom:0;flex-grow:1;border-top:var(--divider-border-width) var(--divider-border-style) var(--divider-color)}.elementor-widget-divider--element-align-left .elementor-divider .elementor-divider-separator>.elementor-divider__svg:first-of-type{flex-grow:0;flex-shrink:100}.elementor-widget-divider--element-align-left .elementor-divider-separator:before{content:none}.elementor-widget-divider--element-align-left .elementor-divider__element{margin-left:0}.elementor-widget-divider--element-align-right .elementor-divider .elementor-divider-separator>.elementor-divider__svg:last-of-type{flex-grow:0;flex-shrink:100}.elementor-widget-divider--element-align-right .elementor-divider-separator:after{content:none}.elementor-widget-divider--element-align-right .elementor-divider__element{margin-right:0}.elementor-widget-divider:not(.elementor-widget-divider--view-line_text):not(.elementor-widget-divider--view-line_icon) .elementor-divider-separator{border-top:var(--divider-border-width) var(--divider-border-style) var(--divider-color)}.elementor-widget-divider--separator-type-pattern{--divider-border-style:none}.elementor-widget-divider--separator-type-pattern.elementor-widget-divider--view-line .elementor-divider-separator,.elementor-widget-divider--separator-type-pattern:not(.elementor-widget-divider--view-line) .elementor-divider-separator:after,.elementor-widget-divider--separator-type-pattern:not(.elementor-widget-divider--view-line) .elementor-divider-separator:before,.elementor-widget-divider--separator-type-pattern:not([class*=elementor-widget-divider--view]) .elementor-divider-separator{width:100%;min-height:var(--divider-pattern-height);-webkit-mask-size:var(--divider-pattern-size) 100%;mask-size:var(--divider-pattern-size) 100%;-webkit-mask-repeat:var(--divider-pattern-repeat);mask-repeat:var(--divider-pattern-repeat);background-color:var(--divider-color);-webkit-mask-image:var(--divider-pattern-url);mask-image:var(--divider-pattern-url)}.elementor-widget-divider--no-spacing{--divider-pattern-size:auto}.elementor-widget-divider--bg-round{--divider-pattern-repeat:round}.rtl .elementor-widget-divider .elementor-divider__text{direction:rtl}.e-con-inner>.elementor-widget-divider,.e-con>.elementor-widget-divider{width:var(--container-widget-width,100%);--flex-grow:var(--container-widget-flex-grow)}<\/style>\n<p><a href=\"https:\/\/www.fasj.org.ar\/wp\/?p=31690&amp;elementor-preview=31690&amp;ver=1694010348#_ftnref1\" name=\"_ftn1\">[1]<\/a>\u00a0M\u00e9dico. Director M\u00e9dico del Hospital Descentralizado Dr. Marcial Quiroga<\/p>\n<p><a href=\"https:\/\/www.fasj.org.ar\/wp\/?p=31690&amp;elementor-preview=31690&amp;ver=1694010348#_ftnref2\" name=\"_ftn2\">[2]<\/a>\u00a0M\u00e9dico. Diputado provincial. Presidente de la Comisi\u00f3n de Salud de la C\u00e1mara de Diputados de la Provincia de San Juan.<\/p>\n<p><a href=\"https:\/\/www.fasj.org.ar\/wp\/?p=31690&amp;elementor-preview=31690&amp;ver=1694010348#_ftnref3\" name=\"_ftn3\">[3]<\/a>\u00a0Abogada. Directora Acad\u00e9mica del Observatorio de Derecho de la Salud de la Facultad de Derecho de la Universidad de Buenos Aires<\/p>\n<p><a href=\"https:\/\/www.fasj.org.ar\/wp\/?p=31690&amp;elementor-preview=31690&amp;ver=1694010348#_ftnref4\" name=\"_ftn4\">[4]<\/a>\u00a0Lic. en Sociolog\u00eda. Investigadora del Instituto de Investigaciones Gino Germani, FCS-UBA e Investigadora Externa del Centro de Estudios de Estado y Sociedad, CEDES<\/p>\n<p><a href=\"https:\/\/www.fasj.org.ar\/wp\/?p=31690&amp;elementor-preview=31690&amp;ver=1694010348#_ftnref5\" name=\"_ftn5\">[5]<\/a>\u00a0Lic. en Enfermer\u00eda. Vicedirectora de la carrera de Especializaci\u00f3n en Epidemiologia orientada al Control de infecciones. IUHI\/HIBA &#8211; vicepresidenta de ADECI<\/p>\n<p><a href=\"https:\/\/www.fasj.org.ar\/wp\/?p=31690&amp;elementor-preview=31690&amp;ver=1694010348#_ftnref6\" name=\"_ftn6\">[6]<\/a>\u00a0Lic. en Geograf\u00eda. Directora del Programa de Geograf\u00eda M\u00e9dica de la Universidad Nacional de San Juan<\/p>\n<p><a href=\"https:\/\/www.fasj.org.ar\/wp\/?p=31690&amp;elementor-preview=31690&amp;ver=1694010348#_ftnref7\" name=\"_ftn7\">[7]<\/a>\u00a0M\u00e9dica. Directora de la Carrera de Medicina de la Universidad Cat\u00f3lica de Cuyo<\/p>\n<p><a href=\"https:\/\/www.fasj.org.ar\/wp\/?p=31690&amp;elementor-preview=31690&amp;ver=1694010348#_ftnref8\" name=\"_ftn8\">[8]<\/a>\u00a0M\u00e9dica. Vicepresidente de la Asociaci\u00f3n Sanjuanina de Infectolog\u00eda<\/p>\n<p><a href=\"https:\/\/www.fasj.org.ar\/wp\/?p=31690&amp;elementor-preview=31690&amp;ver=1694010348#_ftnref9\" name=\"_ftn9\">[9]<\/a>\u00a0Lic. en Biolog\u00eda. Presidenta del Colegio de Bi\u00f3logos de la Provincia de San Juan<\/p>\n<p><a href=\"https:\/\/www.fasj.org.ar\/wp\/?p=31690&amp;elementor-preview=31690&amp;ver=1694010348#_ftnref10\" name=\"_ftn10\">[10]<\/a>\u00a0Abogada. Coordinadora del Observatorio Jur\u00eddico de la Universidad de Mar del Plata y directora del Instituto de Derecho de la Salud del Colegio de Abogados de Mar del Plata.<\/p>\n<p><a href=\"https:\/\/www.fasj.org.ar\/wp\/?p=31690&amp;elementor-preview=31690&amp;ver=1694010348#_ftnref11\" name=\"_ftn11\">[11]<\/a>\u00a0Abogado. Director del \u00c1rea de Asuntos Ambientales de la Fiscal\u00eda de Estado de la Provincia de San Juan<\/p>\n<p><a href=\"https:\/\/www.fasj.org.ar\/wp\/?p=31690&amp;elementor-preview=31690&amp;ver=1694010348#_ftnref12\" name=\"_ftn12\">[12]<\/a>\u00a0Abogada. Miembro de la Liga Mundial de Abogados Ambientalistas<\/p>\n<p><a href=\"https:\/\/www.fasj.org.ar\/wp\/?p=31690&amp;elementor-preview=31690&amp;ver=1694010348#_ftnref13\" name=\"_ftn13\">[13]<\/a>\u00a0Lic. en Nutrici\u00f3n. Directora del Centro de Investigaci\u00f3n sobre Problem\u00e1ticas Alimentarias Nutricionales (UBA)<\/p>\n<p><a href=\"https:\/\/www.fasj.org.ar\/wp\/?p=31690&amp;elementor-preview=31690&amp;ver=1694010348#_ftnref14\" name=\"_ftn14\">[14]<\/a>\u00a0Lic. en Psicolog\u00eda. Co-dirige la Maestr\u00eda en Luminotecnia del DLLyV. Doctora en Psicolog\u00eda Ambiental de la Universidad de Lund en Suecia<\/p>\n<p><a href=\"https:\/\/www.fasj.org.ar\/wp\/?p=31690&amp;elementor-preview=31690&amp;ver=1694010348#_ftnref15\" name=\"_ftn15\">[15]<\/a>\u00a0Arquitecta. Directora del Instituto Regional de Planeamiento y H\u00e1bitat (IRPHA-UNSJ-CONICET)<\/p>\n","protected":false},"excerpt":{"rendered":"<p>LA VOZ DEL FORO Instituto de Derecho de la Salud CONCLUSIONES DE LAS VI JORNADA SANJUANINAS DE DERECHO DE LA SALUD POR MARCOS JAVIER IBARRA Abogado. Director del Instituto de Derecho de la Salud del Foro de Abogados de San Juan Los d\u00edas 3 y 4 de agosto pr\u00f3ximo pasado se llevaron a cabo las [&hellip;]<\/p>\n","protected":false},"author":18,"featured_media":30942,"comment_status":"closed","ping_status":"open","sticky":false,"template":"","format":"standard","meta":{"footnotes":""},"categories":[88],"tags":[],"class_list":{"0":"post-31690","1":"post","2":"type-post","3":"status-publish","4":"format-standard","5":"has-post-thumbnail","7":"category-comision-de-malvinas"},"_links":{"self":[{"href":"https:\/\/www.fasj.org.ar\/wp\/wp-json\/wp\/v2\/posts\/31690","targetHints":{"allow":["GET"]}}],"collection":[{"href":"https:\/\/www.fasj.org.ar\/wp\/wp-json\/wp\/v2\/posts"}],"about":[{"href":"https:\/\/www.fasj.org.ar\/wp\/wp-json\/wp\/v2\/types\/post"}],"author":[{"embeddable":true,"href":"https:\/\/www.fasj.org.ar\/wp\/wp-json\/wp\/v2\/users\/18"}],"replies":[{"embeddable":true,"href":"https:\/\/www.fasj.org.ar\/wp\/wp-json\/wp\/v2\/comments?post=31690"}],"version-history":[{"count":25,"href":"https:\/\/www.fasj.org.ar\/wp\/wp-json\/wp\/v2\/posts\/31690\/revisions"}],"predecessor-version":[{"id":31725,"href":"https:\/\/www.fasj.org.ar\/wp\/wp-json\/wp\/v2\/posts\/31690\/revisions\/31725"}],"wp:featuredmedia":[{"embeddable":true,"href":"https:\/\/www.fasj.org.ar\/wp\/wp-json\/wp\/v2\/media\/30942"}],"wp:attachment":[{"href":"https:\/\/www.fasj.org.ar\/wp\/wp-json\/wp\/v2\/media?parent=31690"}],"wp:term":[{"taxonomy":"category","embeddable":true,"href":"https:\/\/www.fasj.org.ar\/wp\/wp-json\/wp\/v2\/categories?post=31690"},{"taxonomy":"post_tag","embeddable":true,"href":"https:\/\/www.fasj.org.ar\/wp\/wp-json\/wp\/v2\/tags?post=31690"}],"curies":[{"name":"wp","href":"https:\/\/api.w.org\/{rel}","templated":true}]}}