{"id":31183,"date":"2023-08-29T10:53:18","date_gmt":"2023-08-29T13:53:18","guid":{"rendered":"https:\/\/www.fasj.org.ar\/wp\/?p=31183"},"modified":"2023-08-31T10:37:41","modified_gmt":"2023-08-31T13:37:41","slug":"invitacion-a-participar-del-25o-edicion-del-regional-de-abogados-del-nea-y-1-torneo-de-futbol-para-abogados-del-norte-grande-2023","status":"publish","type":"post","link":"https:\/\/www.fasj.org.ar\/wp\/2023\/08\/29\/invitacion-a-participar-del-25o-edicion-del-regional-de-abogados-del-nea-y-1-torneo-de-futbol-para-abogados-del-norte-grande-2023\/","title":{"rendered":"INVITACI\u00d3N A PARTICIPAR DEL 25\u00ba EDICI\u00d3N DEL REGIONAL DE ABOGADOS DEL NEA y 1\u00b0 TORNEO DE FUTBOL PARA ABOGADOS DEL NORTE GRANDE 2023"},"content":{"rendered":"\n<p>Se invita al Foro de Abogados a participar de estos torneos que se realizar\u00e1n desde el 12 hasta el 16 de octubre del a\u00f1o en curso en la Ciudad de Corrientes. Organizado por los integrantes de la ASOCIACION CIVIL SIN FINES DE LUCRO ABOGADOS F.C.,<br><strong>Para m\u00e1s informaci\u00f3n:<\/strong><br>-Correo Electr\u00f3nico: <strong>emmarom16@hotmail.com<\/strong><br>-Celular: <strong>3794357089 \/ 3624727441.-<\/strong><\/p>\n\n\n\n<figure class=\"wp-block-gallery has-nested-images columns-default is-cropped wp-block-gallery-1 is-layout-flex wp-block-gallery-is-layout-flex\">\n<figure class=\"wp-block-image size-large\"><img loading=\"lazy\" decoding=\"async\" width=\"1024\" height=\"1024\" data-id=\"31186\" src=\"https:\/\/www.fasj.org.ar\/wp\/wp-content\/uploads\/2023\/08\/image1-1024x1024.jpeg\" alt=\"\" class=\"wp-image-31186\" srcset=\"https:\/\/www.fasj.org.ar\/wp\/wp-content\/uploads\/2023\/08\/image1-1024x1024.jpeg 1024w, https:\/\/www.fasj.org.ar\/wp\/wp-content\/uploads\/2023\/08\/image1-300x300.jpeg 300w, https:\/\/www.fasj.org.ar\/wp\/wp-content\/uploads\/2023\/08\/image1-150x150.jpeg 150w, https:\/\/www.fasj.org.ar\/wp\/wp-content\/uploads\/2023\/08\/image1-768x768.jpeg 768w, https:\/\/www.fasj.org.ar\/wp\/wp-content\/uploads\/2023\/08\/image1-1536x1536.jpeg 1536w, https:\/\/www.fasj.org.ar\/wp\/wp-content\/uploads\/2023\/08\/image1-696x696.jpeg 696w, https:\/\/www.fasj.org.ar\/wp\/wp-content\/uploads\/2023\/08\/image1-1068x1068.jpeg 1068w, https:\/\/www.fasj.org.ar\/wp\/wp-content\/uploads\/2023\/08\/image1-96x96.jpeg 96w, https:\/\/www.fasj.org.ar\/wp\/wp-content\/uploads\/2023\/08\/image1.jpeg 1600w\" sizes=\"auto, (max-width: 1024px) 100vw, 1024px\" \/><\/figure>\n\n\n\n<figure class=\"wp-block-image size-large\"><img loading=\"lazy\" decoding=\"async\" width=\"640\" height=\"640\" data-id=\"31185\" src=\"https:\/\/www.fasj.org.ar\/wp\/wp-content\/uploads\/2023\/08\/image0.jpeg\" alt=\"\" class=\"wp-image-31185\" srcset=\"https:\/\/www.fasj.org.ar\/wp\/wp-content\/uploads\/2023\/08\/image0.jpeg 640w, https:\/\/www.fasj.org.ar\/wp\/wp-content\/uploads\/2023\/08\/image0-300x300.jpeg 300w, https:\/\/www.fasj.org.ar\/wp\/wp-content\/uploads\/2023\/08\/image0-150x150.jpeg 150w, https:\/\/www.fasj.org.ar\/wp\/wp-content\/uploads\/2023\/08\/image0-96x96.jpeg 96w\" sizes=\"auto, (max-width: 640px) 100vw, 640px\" \/><\/figure>\n<\/figure>\n","protected":false},"excerpt":{"rendered":"<p>Se invita al Foro de Abogados a participar de estos torneos que se realizar\u00e1n desde el 12 hasta el 16 de octubre del a\u00f1o en curso en la Ciudad de Corrientes. Organizado por los integrantes de la ASOCIACION CIVIL SIN FINES DE LUCRO ABOGADOS F.C.,Para m\u00e1s informaci\u00f3n:-Correo Electr\u00f3nico: emmarom16@hotmail.com-Celular: 3794357089 \/ 3624727441.-<\/p>\n","protected":false},"author":18,"featured_media":31184,"comment_status":"closed","ping_status":"open","sticky":false,"template":"","format":"standard","meta":{"footnotes":""},"categories":[4],"tags":[],"class_list":{"0":"post-31183","1":"post","2":"type-post","3":"status-publish","4":"format-standard","5":"has-post-thumbnail","7":"category-capacitacion"},"_links":{"self":[{"href":"https:\/\/www.fasj.org.ar\/wp\/wp-json\/wp\/v2\/posts\/31183","targetHints":{"allow":["GET"]}}],"collection":[{"href":"https:\/\/www.fasj.org.ar\/wp\/wp-json\/wp\/v2\/posts"}],"about":[{"href":"https:\/\/www.fasj.org.ar\/wp\/wp-json\/wp\/v2\/types\/post"}],"author":[{"embeddable":true,"href":"https:\/\/www.fasj.org.ar\/wp\/wp-json\/wp\/v2\/users\/18"}],"replies":[{"embeddable":true,"href":"https:\/\/www.fasj.org.ar\/wp\/wp-json\/wp\/v2\/comments?post=31183"}],"version-history":[{"count":1,"href":"https:\/\/www.fasj.org.ar\/wp\/wp-json\/wp\/v2\/posts\/31183\/revisions"}],"predecessor-version":[{"id":31187,"href":"https:\/\/www.fasj.org.ar\/wp\/wp-json\/wp\/v2\/posts\/31183\/revisions\/31187"}],"wp:featuredmedia":[{"embeddable":true,"href":"https:\/\/www.fasj.org.ar\/wp\/wp-json\/wp\/v2\/media\/31184"}],"wp:attachment":[{"href":"https:\/\/www.fasj.org.ar\/wp\/wp-json\/wp\/v2\/media?parent=31183"}],"wp:term":[{"taxonomy":"category","embeddable":true,"href":"https:\/\/www.fasj.org.ar\/wp\/wp-json\/wp\/v2\/categories?post=31183"},{"taxonomy":"post_tag","embeddable":true,"href":"https:\/\/www.fasj.org.ar\/wp\/wp-json\/wp\/v2\/tags?post=31183"}],"curies":[{"name":"wp","href":"https:\/\/api.w.org\/{rel}","templated":true}]}}