{"id":30452,"date":"2023-06-26T10:57:06","date_gmt":"2023-06-26T13:57:06","guid":{"rendered":"https:\/\/www.fasj.org.ar\/wp\/?p=30452"},"modified":"2023-06-26T10:57:08","modified_gmt":"2023-06-26T13:57:08","slug":"se-realizo-el-encuentro-conversatorio-en-homenaje-al-dia-internacional-de-la-mujer-minera","status":"publish","type":"post","link":"https:\/\/www.fasj.org.ar\/wp\/2023\/06\/26\/se-realizo-el-encuentro-conversatorio-en-homenaje-al-dia-internacional-de-la-mujer-minera\/","title":{"rendered":"SE REALIZ\u00d3 EL ENCUENTRO CONVERSATORIO EN HOMENAJE AL D\u00cdA INTERNACIONAL DE LA MUJER MINERA"},"content":{"rendered":"\n<p>Estas jornadas homenaje fueron organizadas en conjunto por el Gobierno de San Juan, el Ministerio de Miner\u00eda y el Instituto de Mujer y G\u00e9nero del Foro de Abogados de San Juan.<\/p>\n\n\n\n<p>El encuentro se realiz\u00f3 en nuestra instituci\u00f3n en modalidad presencial y a trav\u00e9s de la plataforma zoom, ante una sala colmada profesionales, funcionarios y p\u00fablico en general se dieron cita para conversar sobre el rol protag\u00f3nico de la mujer en la industria minera, el crecimiento, desarrollo y proyecci\u00f3n laboral.<\/p>\n\n\n\n<p>La mesa de autoridades estuvo conformada por el Ministro de Miner\u00eda Ing. Carlos Astudillo, el Dr. Marcelo \u00c1lvarez presidente del Foro de Abogados, la directora del Instituto de la Mujer y G\u00e9nero Dra. Nancy Mabel L\u00f3pez, el vicedirector del Instituto. Dr. \u00c1ngel Pe\u00f1a y la diputada nacional Dra. Fabiola Aubone.<\/p>\n\n\n\n<p>Este encuentro cont\u00f3 con la presencia del C.P.N. Dr. Enzo Araya Subsecretario de Pol\u00edticas Mineras de la Naci\u00f3n, magistrados, funcionarios del poder judicial, autoridades provinciales, miembros de los institutos de derecho y matriculados de la instituci\u00f3n, adem\u00e1s de un amplio p\u00fablico interesado en las tem\u00e1ticas presentadas.<\/p>\n\n\n\n<p>Las palabras de bienvenida estuvieron a cargo del presidente del Foro de Abogados que destac\u00f3 el trabajo de los 25 Institutos de Derecho de la Instituci\u00f3n, especialmente en esta oportunidad lo realizado por el Instituto de la Mujer y G\u00e9nero para estas jornadas. Posteriormente el Ministro de Miner\u00eda se refiri\u00f3 tambi\u00e9n a las pol\u00edticas de paridad de g\u00e9nero en la actividad minera.<\/p>\n\n\n\n<p>A continuaci\u00f3n, y durante toda la jornada disertaron y expusieron autoridades especialistas en miner\u00eda, derecho y ambiente.<\/p>\n\n\n\n<figure class=\"wp-block-image size-full is-resized\"><img loading=\"lazy\" decoding=\"async\" src=\"https:\/\/www.fasj.org.ar\/wp\/wp-content\/uploads\/2023\/06\/DSC_0206.jpg\" alt=\"\" class=\"wp-image-30457\" width=\"1069\" height=\"735\"\/><\/figure>\n\n\n\n<figure class=\"wp-block-gallery has-nested-images columns-1 is-cropped wp-block-gallery-1 is-layout-flex wp-block-gallery-is-layout-flex\">\n<figure class=\"wp-block-image size-large\"><img loading=\"lazy\" decoding=\"async\" width=\"900\" height=\"727\" data-id=\"30456\" src=\"https:\/\/www.fasj.org.ar\/wp\/wp-content\/uploads\/2023\/06\/DSC_0171.jpg\" alt=\"\" class=\"wp-image-30456\" srcset=\"https:\/\/www.fasj.org.ar\/wp\/wp-content\/uploads\/2023\/06\/DSC_0171.jpg 900w, https:\/\/www.fasj.org.ar\/wp\/wp-content\/uploads\/2023\/06\/DSC_0171-300x242.jpg 300w, https:\/\/www.fasj.org.ar\/wp\/wp-content\/uploads\/2023\/06\/DSC_0171-768x620.jpg 768w, https:\/\/www.fasj.org.ar\/wp\/wp-content\/uploads\/2023\/06\/DSC_0171-696x562.jpg 696w, https:\/\/www.fasj.org.ar\/wp\/wp-content\/uploads\/2023\/06\/DSC_0171-150x121.jpg 150w\" sizes=\"auto, (max-width: 900px) 100vw, 900px\" \/><\/figure>\n\n\n\n<figure class=\"wp-block-image size-large\"><img loading=\"lazy\" decoding=\"async\" width=\"900\" height=\"575\" data-id=\"30455\" src=\"https:\/\/www.fasj.org.ar\/wp\/wp-content\/uploads\/2023\/06\/DSC_0169.jpg\" alt=\"\" class=\"wp-image-30455\" srcset=\"https:\/\/www.fasj.org.ar\/wp\/wp-content\/uploads\/2023\/06\/DSC_0169.jpg 900w, https:\/\/www.fasj.org.ar\/wp\/wp-content\/uploads\/2023\/06\/DSC_0169-300x192.jpg 300w, https:\/\/www.fasj.org.ar\/wp\/wp-content\/uploads\/2023\/06\/DSC_0169-768x491.jpg 768w, https:\/\/www.fasj.org.ar\/wp\/wp-content\/uploads\/2023\/06\/DSC_0169-696x445.jpg 696w, https:\/\/www.fasj.org.ar\/wp\/wp-content\/uploads\/2023\/06\/DSC_0169-150x96.jpg 150w\" sizes=\"auto, (max-width: 900px) 100vw, 900px\" \/><\/figure>\n\n\n\n<figure class=\"wp-block-image size-large\"><img loading=\"lazy\" decoding=\"async\" width=\"900\" height=\"628\" data-id=\"30454\" src=\"https:\/\/www.fasj.org.ar\/wp\/wp-content\/uploads\/2023\/06\/DSC_0156.jpg\" alt=\"\" class=\"wp-image-30454\" srcset=\"https:\/\/www.fasj.org.ar\/wp\/wp-content\/uploads\/2023\/06\/DSC_0156.jpg 900w, https:\/\/www.fasj.org.ar\/wp\/wp-content\/uploads\/2023\/06\/DSC_0156-300x209.jpg 300w, https:\/\/www.fasj.org.ar\/wp\/wp-content\/uploads\/2023\/06\/DSC_0156-768x536.jpg 768w, https:\/\/www.fasj.org.ar\/wp\/wp-content\/uploads\/2023\/06\/DSC_0156-696x486.jpg 696w, https:\/\/www.fasj.org.ar\/wp\/wp-content\/uploads\/2023\/06\/DSC_0156-150x105.jpg 150w\" sizes=\"auto, (max-width: 900px) 100vw, 900px\" \/><\/figure>\n<\/figure>\n","protected":false},"excerpt":{"rendered":"<p>Estas jornadas homenaje fueron organizadas en conjunto por el Gobierno de San Juan, el Ministerio de Miner\u00eda y el Instituto de Mujer y G\u00e9nero del Foro de Abogados de San Juan. El encuentro se realiz\u00f3 en nuestra instituci\u00f3n en modalidad presencial y a trav\u00e9s de la plataforma zoom, ante una sala colmada profesionales, funcionarios y [&hellip;]<\/p>\n","protected":false},"author":18,"featured_media":30453,"comment_status":"closed","ping_status":"open","sticky":false,"template":"","format":"standard","meta":{"footnotes":""},"categories":[102,82],"tags":[],"class_list":{"0":"post-30452","1":"post","2":"type-post","3":"status-publish","4":"format-standard","5":"has-post-thumbnail","7":"category-instituto-de-la-mujer-y-genero-del-foro-de-abogados","8":"category-noticias-destacadas"},"_links":{"self":[{"href":"https:\/\/www.fasj.org.ar\/wp\/wp-json\/wp\/v2\/posts\/30452","targetHints":{"allow":["GET"]}}],"collection":[{"href":"https:\/\/www.fasj.org.ar\/wp\/wp-json\/wp\/v2\/posts"}],"about":[{"href":"https:\/\/www.fasj.org.ar\/wp\/wp-json\/wp\/v2\/types\/post"}],"author":[{"embeddable":true,"href":"https:\/\/www.fasj.org.ar\/wp\/wp-json\/wp\/v2\/users\/18"}],"replies":[{"embeddable":true,"href":"https:\/\/www.fasj.org.ar\/wp\/wp-json\/wp\/v2\/comments?post=30452"}],"version-history":[{"count":1,"href":"https:\/\/www.fasj.org.ar\/wp\/wp-json\/wp\/v2\/posts\/30452\/revisions"}],"predecessor-version":[{"id":30458,"href":"https:\/\/www.fasj.org.ar\/wp\/wp-json\/wp\/v2\/posts\/30452\/revisions\/30458"}],"wp:featuredmedia":[{"embeddable":true,"href":"https:\/\/www.fasj.org.ar\/wp\/wp-json\/wp\/v2\/media\/30453"}],"wp:attachment":[{"href":"https:\/\/www.fasj.org.ar\/wp\/wp-json\/wp\/v2\/media?parent=30452"}],"wp:term":[{"taxonomy":"category","embeddable":true,"href":"https:\/\/www.fasj.org.ar\/wp\/wp-json\/wp\/v2\/categories?post=30452"},{"taxonomy":"post_tag","embeddable":true,"href":"https:\/\/www.fasj.org.ar\/wp\/wp-json\/wp\/v2\/tags?post=30452"}],"curies":[{"name":"wp","href":"https:\/\/api.w.org\/{rel}","templated":true}]}}